{"id":560,"date":"2024-01-22T18:42:42","date_gmt":"2024-01-22T17:42:42","guid":{"rendered":"http:\/\/crac-asbl.org\/?p=560"},"modified":"2024-01-22T18:43:05","modified_gmt":"2024-01-22T17:43:05","slug":"volumes-des-pompages-mise-a-jour","status":"publish","type":"post","link":"https:\/\/crac-asbl.org\/?p=560","title":{"rendered":"Volumes des pompages (mise \u00e0 jour)"},"content":{"rendered":"\n<p>Mise \u00e0 jour des volumes de pompages dans la r\u00e9gion de Florennes.<br>Plus d&rsquo;information dans la rubrique <a href=\"http:\/\/crac-asbl.org\/?page_id=75\">[Th\u00e9matiques \/ L&rsquo;aquif\u00e8re]<\/a><br><img loading=\"lazy\" decoding=\"async\" width=\"878\" height=\"480\" class=\"wp-image-556\" style=\"width: 500px;\" src=\"http:\/\/crac-asbl.org\/wp-content\/uploads\/2024\/01\/pompages-2010_2022-Graphe.png\" alt=\"\" srcset=\"https:\/\/crac-asbl.org\/wp-content\/uploads\/2024\/01\/pompages-2010_2022-Graphe.png 878w, https:\/\/crac-asbl.org\/wp-content\/uploads\/2024\/01\/pompages-2010_2022-Graphe-300x164.png 300w, https:\/\/crac-asbl.org\/wp-content\/uploads\/2024\/01\/pompages-2010_2022-Graphe-768x420.png 768w\" sizes=\"(max-width: 878px) 100vw, 878px\" \/><\/p>\n","protected":false},"excerpt":{"rendered":"<p>Mise \u00e0 jour des volumes de pompages dans la r\u00e9gion de Florennes.Plus d&rsquo;information dans la rubrique [Th\u00e9matiques \/ L&rsquo;aquif\u00e8re]<\/p>\n","protected":false},"author":2,"featured_media":0,"comment_status":"closed","ping_status":"closed","sticky":false,"template":"","format":"standard","meta":{"_uag_custom_page_level_css":"","footnotes":""},"categories":[18,12],"tags":[],"uagb_featured_image_src":{"full":false,"thumbnail":false,"medium":false,"medium_large":false,"large":false,"1536x1536":false,"2048x2048":false,"graphene_slider":false,"post-thumbnail":false},"uagb_author_info":{"display_name":"CRAC","author_link":"https:\/\/crac-asbl.org\/?author=2"},"uagb_comment_info":0,"uagb_excerpt":"Mise \u00e0 jour des volumes de pompages dans la r\u00e9gion de Florennes.Plus d&rsquo;information dans la rubrique [Th\u00e9matiques \/ L&rsquo;aquif\u00e8re]","_links":{"self":[{"href":"https:\/\/crac-asbl.org\/index.php?rest_route=\/wp\/v2\/posts\/560"}],"collection":[{"href":"https:\/\/crac-asbl.org\/index.php?rest_route=\/wp\/v2\/posts"}],"about":[{"href":"https:\/\/crac-asbl.org\/index.php?rest_route=\/wp\/v2\/types\/post"}],"author":[{"embeddable":true,"href":"https:\/\/crac-asbl.org\/index.php?rest_route=\/wp\/v2\/users\/2"}],"replies":[{"embeddable":true,"href":"https:\/\/crac-asbl.org\/index.php?rest_route=%2Fwp%2Fv2%2Fcomments&post=560"}],"version-history":[{"count":1,"href":"https:\/\/crac-asbl.org\/index.php?rest_route=\/wp\/v2\/posts\/560\/revisions"}],"predecessor-version":[{"id":561,"href":"https:\/\/crac-asbl.org\/index.php?rest_route=\/wp\/v2\/posts\/560\/revisions\/561"}],"wp:attachment":[{"href":"https:\/\/crac-asbl.org\/index.php?rest_route=%2Fwp%2Fv2%2Fmedia&parent=560"}],"wp:term":[{"taxonomy":"category","embeddable":true,"href":"https:\/\/crac-asbl.org\/index.php?rest_route=%2Fwp%2Fv2%2Fcategories&post=560"},{"taxonomy":"post_tag","embeddable":true,"href":"https:\/\/crac-asbl.org\/index.php?rest_route=%2Fwp%2Fv2%2Ftags&post=560"}],"curies":[{"name":"wp","href":"https:\/\/api.w.org\/{rel}","templated":true}]}}