{"id":456,"date":"2021-12-14T12:47:38","date_gmt":"2021-12-14T11:47:38","guid":{"rendered":"http:\/\/crac-asbl.org\/?p=456"},"modified":"2021-12-15T13:45:54","modified_gmt":"2021-12-15T12:45:54","slug":"volumes-des-eaux-dexhaure-mise-a-jour","status":"publish","type":"post","link":"https:\/\/crac-asbl.org\/?p=456","title":{"rendered":"Volumes des eaux d&rsquo;exhaure (mise \u00e0 jour)."},"content":{"rendered":"\n<p>Mise \u00e0 jour des donn\u00e9es concernant le volume des eaux d&rsquo;exhaure (synclinal de Gomez\u00e9e-Florennes) dans notre tableau, sous dans la rubrique <a href=\"http:\/\/crac-asbl.org\/?page_id=75\">[Th\u00e9matique] > [L&rsquo;aquif\u00e8re]<\/a> de ce site.<\/p>\n\n\n\n<p>En effet, les derniers pompages (donn\u00e9es relatives \u00e0 l&rsquo;ann\u00e9e 2020), sans la carri\u00e8re Carmeuse, s&rsquo;\u00e9l\u00e8vent, dans la r\u00e9gion de Florennes \/ Yves-Gomez\u00e9e \u00e0 <strong>13.866.615m<sup>3<\/sup><\/strong> (doublement du volume en 10 ans !).<\/p>\n\n\n\n<p>Ceux-ci impactent plus de <strong>30 Km<sup>2<\/sup><\/strong> sur les agglom\u00e9rations de Florennes, Saint-Aubin, Hemptinne, Jamagne et Yves-Gomez\u00e9e.<\/p>\n","protected":false},"excerpt":{"rendered":"<p>Mise \u00e0 jour des donn\u00e9es concernant le volume des eaux d&rsquo;exhaure (synclinal de Gomez\u00e9e-Florennes) dans notre tableau, sous dans la rubrique [Th\u00e9matique] > [L&rsquo;aquif\u00e8re] de ce site. En effet, les derniers pompages (donn\u00e9es relatives \u00e0 l&rsquo;ann\u00e9e 2020), sans la carri\u00e8re Carmeuse, s&rsquo;\u00e9l\u00e8vent, dans la r\u00e9gion de Florennes \/ Yves-Gomez\u00e9e \u00e0 13.866.615m3 (doublement du volume en &hellip; <\/p>\n<p><a class=\"more-link btn\" href=\"https:\/\/crac-asbl.org\/?p=456\">Lire la suite<\/a><\/p>\n","protected":false},"author":2,"featured_media":0,"comment_status":"closed","ping_status":"closed","sticky":false,"template":"","format":"standard","meta":{"_uag_custom_page_level_css":"","footnotes":""},"categories":[12],"tags":[],"uagb_featured_image_src":{"full":false,"thumbnail":false,"medium":false,"medium_large":false,"large":false,"1536x1536":false,"2048x2048":false,"graphene_slider":false,"post-thumbnail":false},"uagb_author_info":{"display_name":"CRAC","author_link":"https:\/\/crac-asbl.org\/?author=2"},"uagb_comment_info":0,"uagb_excerpt":"Mise \u00e0 jour des donn\u00e9es concernant le volume des eaux d&rsquo;exhaure (synclinal de Gomez\u00e9e-Florennes) dans notre tableau, sous dans la rubrique [Th\u00e9matique] > [L&rsquo;aquif\u00e8re] de ce site. En effet, les derniers pompages (donn\u00e9es relatives \u00e0 l&rsquo;ann\u00e9e 2020), sans la carri\u00e8re Carmeuse, s&rsquo;\u00e9l\u00e8vent, dans la r\u00e9gion de Florennes \/ Yves-Gomez\u00e9e \u00e0 13.866.615m3 (doublement du volume en\u2026","_links":{"self":[{"href":"https:\/\/crac-asbl.org\/index.php?rest_route=\/wp\/v2\/posts\/456"}],"collection":[{"href":"https:\/\/crac-asbl.org\/index.php?rest_route=\/wp\/v2\/posts"}],"about":[{"href":"https:\/\/crac-asbl.org\/index.php?rest_route=\/wp\/v2\/types\/post"}],"author":[{"embeddable":true,"href":"https:\/\/crac-asbl.org\/index.php?rest_route=\/wp\/v2\/users\/2"}],"replies":[{"embeddable":true,"href":"https:\/\/crac-asbl.org\/index.php?rest_route=%2Fwp%2Fv2%2Fcomments&post=456"}],"version-history":[{"count":3,"href":"https:\/\/crac-asbl.org\/index.php?rest_route=\/wp\/v2\/posts\/456\/revisions"}],"predecessor-version":[{"id":464,"href":"https:\/\/crac-asbl.org\/index.php?rest_route=\/wp\/v2\/posts\/456\/revisions\/464"}],"wp:attachment":[{"href":"https:\/\/crac-asbl.org\/index.php?rest_route=%2Fwp%2Fv2%2Fmedia&parent=456"}],"wp:term":[{"taxonomy":"category","embeddable":true,"href":"https:\/\/crac-asbl.org\/index.php?rest_route=%2Fwp%2Fv2%2Fcategories&post=456"},{"taxonomy":"post_tag","embeddable":true,"href":"https:\/\/crac-asbl.org\/index.php?rest_route=%2Fwp%2Fv2%2Ftags&post=456"}],"curies":[{"name":"wp","href":"https:\/\/api.w.org\/{rel}","templated":true}]}}