{"id":450,"date":"2021-12-15T12:18:38","date_gmt":"2021-12-15T11:18:38","guid":{"rendered":"http:\/\/crac-asbl.org\/?p=450"},"modified":"2021-12-16T10:28:41","modified_gmt":"2021-12-16T09:28:41","slug":"5-recours-a-linstruction-aupres-du-conseil-detat","status":"publish","type":"post","link":"https:\/\/crac-asbl.org\/?p=450","title":{"rendered":"5 Recours \u00e0 l&rsquo;instruction aupr\u00e8s du Conseil d&rsquo;Etat"},"content":{"rendered":"\n<p>5 Recours ont \u00e9t\u00e9 introduits \u00e0 l&rsquo;instruction aupr\u00e8s du Conseil d&rsquo;Etat :<br><em>Deux \u00e9manent de l&rsquo;ASBL (CRAC), de particuliers et de propri\u00e9taires :<\/em><\/p>\n\n\n\n<ul><li>Contre  l&rsquo;arr\u00eat\u00e9 accordant le permis d&rsquo;environnement (en novembre 2019)<\/li><li> Contre l&rsquo;arr\u00eat\u00e9 \u00ab\u00a0expropriation\u00a0\u00bb initi\u00e9 par le Bureau Economique de la Province, le BEP (pour le compte de la S.A. Carmeuse), en juillet 2021.<\/li><\/ul>\n\n\n\n<p><em>Trois \u00e9manent de la Commune de Florennes :<\/em><\/p>\n\n\n\n<ul><li>Contre l&rsquo;arr\u00eat\u00e9 wallon accordant le permis d&rsquo;environnement (2019)<\/li><li>Contre la r\u00e9habilitation de la ligne de chemin de fer (2019)<\/li><li>Contre l&rsquo;arr\u00eat\u00e9 wallon reconnaissant d&rsquo;utilit\u00e9 publique la proc\u00e9dure d&rsquo;expropriation publique.<\/li><\/ul>\n\n\n\n<p>Aucune date ne peut \u00eatre avanc\u00e9e pour les d\u00e9cisions relatives \u00e0 ces 5 recours.<\/p>\n","protected":false},"excerpt":{"rendered":"<p>5 Recours ont \u00e9t\u00e9 introduits \u00e0 l&rsquo;instruction aupr\u00e8s du Conseil d&rsquo;Etat :Deux \u00e9manent de l&rsquo;ASBL (CRAC), de particuliers et de propri\u00e9taires : Contre l&rsquo;arr\u00eat\u00e9 accordant le permis d&rsquo;environnement (en novembre 2019) Contre l&rsquo;arr\u00eat\u00e9 \u00ab\u00a0expropriation\u00a0\u00bb initi\u00e9 par le Bureau Economique de la Province, le BEP (pour le compte de la S.A. Carmeuse), en juillet 2021. Trois &hellip; <\/p>\n<p><a class=\"more-link btn\" href=\"https:\/\/crac-asbl.org\/?p=450\">Lire la suite<\/a><\/p>\n","protected":false},"author":2,"featured_media":0,"comment_status":"closed","ping_status":"closed","sticky":false,"template":"","format":"standard","meta":{"_uag_custom_page_level_css":"","footnotes":""},"categories":[18,17],"tags":[],"uagb_featured_image_src":{"full":false,"thumbnail":false,"medium":false,"medium_large":false,"large":false,"1536x1536":false,"2048x2048":false,"graphene_slider":false,"post-thumbnail":false},"uagb_author_info":{"display_name":"CRAC","author_link":"https:\/\/crac-asbl.org\/?author=2"},"uagb_comment_info":0,"uagb_excerpt":"5 Recours ont \u00e9t\u00e9 introduits \u00e0 l&rsquo;instruction aupr\u00e8s du Conseil d&rsquo;Etat :Deux \u00e9manent de l&rsquo;ASBL (CRAC), de particuliers et de propri\u00e9taires : Contre l&rsquo;arr\u00eat\u00e9 accordant le permis d&rsquo;environnement (en novembre 2019) Contre l&rsquo;arr\u00eat\u00e9 \u00ab\u00a0expropriation\u00a0\u00bb initi\u00e9 par le Bureau Economique de la Province, le BEP (pour le compte de la S.A. Carmeuse), en juillet 2021. Trois\u2026","_links":{"self":[{"href":"https:\/\/crac-asbl.org\/index.php?rest_route=\/wp\/v2\/posts\/450"}],"collection":[{"href":"https:\/\/crac-asbl.org\/index.php?rest_route=\/wp\/v2\/posts"}],"about":[{"href":"https:\/\/crac-asbl.org\/index.php?rest_route=\/wp\/v2\/types\/post"}],"author":[{"embeddable":true,"href":"https:\/\/crac-asbl.org\/index.php?rest_route=\/wp\/v2\/users\/2"}],"replies":[{"embeddable":true,"href":"https:\/\/crac-asbl.org\/index.php?rest_route=%2Fwp%2Fv2%2Fcomments&post=450"}],"version-history":[{"count":3,"href":"https:\/\/crac-asbl.org\/index.php?rest_route=\/wp\/v2\/posts\/450\/revisions"}],"predecessor-version":[{"id":465,"href":"https:\/\/crac-asbl.org\/index.php?rest_route=\/wp\/v2\/posts\/450\/revisions\/465"}],"wp:attachment":[{"href":"https:\/\/crac-asbl.org\/index.php?rest_route=%2Fwp%2Fv2%2Fmedia&parent=450"}],"wp:term":[{"taxonomy":"category","embeddable":true,"href":"https:\/\/crac-asbl.org\/index.php?rest_route=%2Fwp%2Fv2%2Fcategories&post=450"},{"taxonomy":"post_tag","embeddable":true,"href":"https:\/\/crac-asbl.org\/index.php?rest_route=%2Fwp%2Fv2%2Ftags&post=450"}],"curies":[{"name":"wp","href":"https:\/\/api.w.org\/{rel}","templated":true}]}}