{"id":431,"date":"2020-09-25T12:14:36","date_gmt":"2020-09-25T10:14:36","guid":{"rendered":"http:\/\/crac-asbl.org\/?p=431"},"modified":"2020-10-27T19:06:35","modified_gmt":"2020-10-27T18:06:35","slug":"information-suite-a-la-communication-de-carmeuse-notifiant-la-mise-en-oeuvre-du-permis","status":"publish","type":"post","link":"https:\/\/crac-asbl.org\/?p=431","title":{"rendered":"Information suite \u00e0 la communication de Carmeuse notifiant la mise en oeuvre du permis."},"content":{"rendered":"\n<p>Cette derni\u00e8re semaine a vu Carmeuse communiquer autour de la mise en oeuvre du permis relatif \u00e0 l&rsquo;ouverture de la carri\u00e8re d&rsquo;Hemptinne.<br><br>Le permis d&rsquo;exploitation lui a en effet \u00e9t\u00e9 accord\u00e9 le 25 septembre 2019 par la R\u00e9gion Wallonne.<br><br>Cependant, celui-ci fait l&rsquo;objet aupr\u00e8s du Conseil d&rsquo;Etat de 3 recours en annulation : <br>&#8211; 2 recours \u00e9manant de la commune de Florennes<br>&#8211; 1 recours ayant \u00e9galement \u00e9t\u00e9 d\u00e9pos\u00e9 par le CRAC.<br><br>Notre recours, lequel comporte 7 moyens a \u00e9t\u00e9 introduit le 28 novembre 2019.<br>Au premier semestre de cette ann\u00e9e, les diff\u00e9rents m\u00e9moires ont \u00e9t\u00e9 d\u00e9pos\u00e9s dans les d\u00e9lais impartis.<br>C&rsquo;est \u00e0 pr\u00e9sent \u00e0 l&rsquo;auditorat de se positionner au vu des arguments d\u00e9velopp\u00e9s; et de 3 juges d&rsquo;ensuite remettre leurs d\u00e9cision concernant ce recours.<br><br>Lors de nos pr\u00e9c\u00e9dents recours; des d\u00e9lais de 20 mois (pour le 1er) et de 28 mois (pour le second) ont \u00e9t\u00e9 n\u00e9cessaires au Conseil d&rsquo;Etat pour se prononcer.<br><br>Bien que Carmeuse aie annonc\u00e9 la mise en oeuvre du permis; <strong>celui-ci pourrait de nouveau \u00eatre supprim\u00e9.  Le carrier devrait alors stopper son activit\u00e9.<\/strong><br><br>Sachez que nous travaillons quotidiennement \u00e0 ce dossier (pourri); et ce <strong>depuis 1993<\/strong>, et veillons au plus strict respect de la l\u00e9gislation.<br><br>Nous gardons espoir et continuons notre lutte !<br><br>Merci pour votre soutien.<\/p>\n\n\n\n<p><\/p>\n","protected":false},"excerpt":{"rendered":"<p>Cette derni\u00e8re semaine a vu Carmeuse communiquer autour de la mise en oeuvre du permis relatif \u00e0 l&rsquo;ouverture de la carri\u00e8re d&rsquo;Hemptinne. Le permis d&rsquo;exploitation lui a en effet \u00e9t\u00e9 accord\u00e9 le 25 septembre 2019 par la R\u00e9gion Wallonne. Cependant, celui-ci fait l&rsquo;objet aupr\u00e8s du Conseil d&rsquo;Etat de 3 recours en annulation : &#8211; 2 &hellip; <\/p>\n<p><a class=\"more-link btn\" href=\"https:\/\/crac-asbl.org\/?p=431\">Lire la suite<\/a><\/p>\n","protected":false},"author":2,"featured_media":0,"comment_status":"closed","ping_status":"closed","sticky":false,"template":"","format":"standard","meta":{"_uag_custom_page_level_css":"","footnotes":""},"categories":[18],"tags":[],"uagb_featured_image_src":{"full":false,"thumbnail":false,"medium":false,"medium_large":false,"large":false,"1536x1536":false,"2048x2048":false,"graphene_slider":false,"post-thumbnail":false},"uagb_author_info":{"display_name":"CRAC","author_link":"https:\/\/crac-asbl.org\/?author=2"},"uagb_comment_info":0,"uagb_excerpt":"Cette derni\u00e8re semaine a vu Carmeuse communiquer autour de la mise en oeuvre du permis relatif \u00e0 l&rsquo;ouverture de la carri\u00e8re d&rsquo;Hemptinne. Le permis d&rsquo;exploitation lui a en effet \u00e9t\u00e9 accord\u00e9 le 25 septembre 2019 par la R\u00e9gion Wallonne. Cependant, celui-ci fait l&rsquo;objet aupr\u00e8s du Conseil d&rsquo;Etat de 3 recours en annulation : &#8211; 2\u2026","_links":{"self":[{"href":"https:\/\/crac-asbl.org\/index.php?rest_route=\/wp\/v2\/posts\/431"}],"collection":[{"href":"https:\/\/crac-asbl.org\/index.php?rest_route=\/wp\/v2\/posts"}],"about":[{"href":"https:\/\/crac-asbl.org\/index.php?rest_route=\/wp\/v2\/types\/post"}],"author":[{"embeddable":true,"href":"https:\/\/crac-asbl.org\/index.php?rest_route=\/wp\/v2\/users\/2"}],"replies":[{"embeddable":true,"href":"https:\/\/crac-asbl.org\/index.php?rest_route=%2Fwp%2Fv2%2Fcomments&post=431"}],"version-history":[{"count":1,"href":"https:\/\/crac-asbl.org\/index.php?rest_route=\/wp\/v2\/posts\/431\/revisions"}],"predecessor-version":[{"id":432,"href":"https:\/\/crac-asbl.org\/index.php?rest_route=\/wp\/v2\/posts\/431\/revisions\/432"}],"wp:attachment":[{"href":"https:\/\/crac-asbl.org\/index.php?rest_route=%2Fwp%2Fv2%2Fmedia&parent=431"}],"wp:term":[{"taxonomy":"category","embeddable":true,"href":"https:\/\/crac-asbl.org\/index.php?rest_route=%2Fwp%2Fv2%2Fcategories&post=431"},{"taxonomy":"post_tag","embeddable":true,"href":"https:\/\/crac-asbl.org\/index.php?rest_route=%2Fwp%2Fv2%2Ftags&post=431"}],"curies":[{"name":"wp","href":"https:\/\/api.w.org\/{rel}","templated":true}]}}