{"id":368,"date":"2019-12-22T11:01:31","date_gmt":"2019-12-22T10:01:31","guid":{"rendered":"http:\/\/crac-asbl.org\/?p=368"},"modified":"2020-10-27T19:06:55","modified_gmt":"2020-10-27T18:06:55","slug":"nos-meilleurs-voeux-pour-lannee-2020-et-toujours-non-a-la-carriere-non-a-carmeuse","status":"publish","type":"post","link":"https:\/\/crac-asbl.org\/?p=368","title":{"rendered":"Nos meilleurs voeux pour l&rsquo;ann\u00e9e 2020 et&#8230; toujours \u00ab\u00a0non \u00e0 la carri\u00e8re, non \u00e0 Carmeuse\u00a0\u00bb"},"content":{"rendered":"\n<p>En 1993, notre ASBL, &lsquo;INITIATIVE CITOYENNE&rsquo;, a dit \u00ab\u00a0Non \u00e0 la carri\u00e8re !\u00a0\u00bb<br>Aujourd&rsquo;hui, apr\u00e8s plus de 26 ann\u00e9es, le combat continue contre cette <strong>troisi\u00e8me<\/strong> carri\u00e8re, coinc\u00e9e au milieu de l&rsquo;habitat de nos villages.<br><br>Celle-ci s&rsquo;ajouterait alors aux deux exploitations voisines, chacune avec ses projets d&rsquo;extension.  Vous trouverez plus d&rsquo;information sur notre site en cliquant sur l&rsquo;onglet <a href=\"http:\/\/crac-asbl.org\/?page_id=242\" target=\"_blank\" rel=\"noreferrer noopener\" aria-label=\" (s\u2019ouvre dans un nouvel onglet)\">[Cartes et photos]<\/a>.<\/p>\n\n\n\n<p>Pour rappel : en 2016, la S.A. Carmeuse d\u00e9posait une demande de permis visant l&rsquo;exploitation d&rsquo;un <strong><u>nouveau<\/u><\/strong> site carrier de <strong><u>113 Ha<\/u><\/strong> sur le plateau agricole du site dit \u00ab\u00a0La Bataille\u00a0\u00bb situ\u00e9 entre Hemptinne, Saint-Aubin et le Franc bois (Yyves-Gomez\u00e9e).<\/p>\n\n\n\n<ul><li><strong>Le 24 octobre 2016<\/strong>, ce permis est accord\u00e9 par le Ministre Carlo DI ANTONIO; malgr\u00e9 un avis <strong><u>d\u00e9favorable<\/u><\/strong> de l&rsquo;Administration wallonne.<\/li><li>Deux recours sont d\u00e8s lors d\u00e9pos\u00e9s aupr\u00e8s du Conseil d&rsquo;Etat contre cette d\u00e9cision par l&rsquo;ASBL CRAC et la Commune de Florennes.<br><strong>Le 20 mai 2019<\/strong>, le permis est <strong><u>invalid\u00e9<\/u><\/strong>.<br>Un seul des cinq motifs d\u00e9velopp\u00e9s par le CRAC <strong><u>a suffi pour motiver cette annulation<\/u><\/strong> : l&rsquo;absence de permis d&rsquo;urbanisme pour le r\u00e9am\u00e9nagement de 3,5 Km de voie ferr\u00e9e entre Saint-Aubin et Yves-Gomez\u00e9e.<\/li><li><strong>Le 31 mai 2019<\/strong>, anticipant cette d\u00e9cision qu&rsquo;ils pressentaient, Infrabel (et Carmeuse) d\u00e9pose(nt) cette demande de permis d&rsquo;urbanisme qui leur est accord\u00e9 le <strong>20 ao\u00fbt 2019<\/strong>.  La Commune de Walcourt, m\u00e9contente, a d\u00e9pos\u00e9 un recours contre cette d\u00e9cision aupr\u00e8s du Ministre et de son administration.<\/li><li><strong>En juin 2019<\/strong>, Carmeuse re-d\u00e9pose une demande de permis d&rsquo;exploiter (<strong><u>un quasi \u00ab\u00a0copi\u00e9-coll\u00e9\u00a0\u00bb de celui introduit en 2016<\/u><\/strong>).<\/li><li><strong>Le 25 septembre 2019<\/strong>, les nouveaux Ministres TELLIER et BORSUS; \u00e0 peine entr\u00e9s en fonction (le 12 septembre), accordent le permis, en allongeant au passage la dur\u00e9e de celui-ci de <u>20 \u00e0 30 ans.<\/u><\/li><\/ul>\n\n\n\n<p><strong><u>Et pourtant, cette nouvelle autorisation n&rsquo;apporte acune r\u00e9ponse satisfaisante concernant :<\/u><\/strong><\/p>\n\n\n\n<ul><li>les risques de d\u00e9g\u00e2ts au b\u00e2ti et les risques de d\u00e9valuation immobili\u00e8re;<\/li><li>la pr\u00e9servation de l&rsquo;\u00e9quilibre des r\u00e9serves aquif\u00e8res; alors que le changement climatique est ignor\u00e9 et les s\u00e9cheresses r\u00e9p\u00e9t\u00e9es ne sont pas consid\u00e9r\u00e9es (rubrique <a rel=\"noreferrer noopener\" aria-label=\"[Th\u00e9matique \/ L'aquif\u00e8re] (s\u2019ouvre dans un nouvel onglet)\" href=\"http:\/\/crac-asbl.org\/?page_id=75\" target=\"_blank\">[Th\u00e9matique \/ L&rsquo;aquif\u00e8re]<\/a> ;<\/li><li>la sant\u00e9 humaine n&rsquo;y est pas prise en compte.  En particulier, aucune analyse ne certifie l&rsquo;absence de silice, dangereuse pour les voies respiratoires, dans les diff\u00e9rentes pierres \u00e0 extraire (rubrique <a href=\"http:\/\/crac-asbl.org\/?page_id=84\" target=\"_blank\" rel=\"noreferrer noopener\" aria-label=\"[Th\u00e9matique \/ Poussi\u00e8res et sant\u00e9] (s\u2019ouvre dans un nouvel onglet)\">[Th\u00e9matique \/ Poussi\u00e8res et sant\u00e9]<\/a> ); <\/li><li>la butte de <strong>40 m\u00e8tres de haut<\/strong> sur <strong>700 m\u00e8tres de long<\/strong>, pour une surface totale de <strong>35 Ha<\/strong>; aussi appel\u00e9e &lsquo;terril&rsquo; et qui bordera progressivement, au cours des 30 ann\u00e9es d&rsquo;exploitation, la rue du fourneau, la rue Sainte Brigide,&#8230;  <\/li><li>la compensation de la superficie agricole perdue.  Les fermiers, priv\u00e9s de leurs terres n&rsquo;ont toujours re\u00e7u aucune proposition de substitution acceptable malgr\u00e9 la &lsquo;r\u00e9serve fonci\u00e8re&rsquo; que Carmeuse pr\u00e9tend d\u00e9tenir (rubrique <a rel=\"noreferrer noopener\" aria-label=\"[Th\u00e9matique \/ Les terres agricoles] (s\u2019ouvre dans un nouvel onglet)\" href=\"http:\/\/crac-asbl.org\/?page_id=81\" target=\"_blank\">[Th\u00e9matique \/ Les terres agricoles]<\/a> ; <\/li><\/ul>\n\n\n\n<p>En outre; les \u00e9tudes <strong><u>(d\u00e9j\u00e0 lacunaires)<\/u><\/strong> pr\u00e9c\u00e9demment r\u00e9alis\u00e9es sont entretemps devenues <strong><u>compl\u00e8tement obsol\u00e8tes<\/u><\/strong>.  Les 3 ann\u00e9es \u00e9coul\u00e9es depuis le dernier recours ne semblent pas avoir \u00e9t\u00e9 mises \u00e0 profit pour les actualiser.<\/p>\n\n\n\n<p>Le permis pr\u00e9voit de r\u00e9pondre \u00e0 ces manquements par l&rsquo;installation de divers <strong>comit\u00e9s <\/strong>(techniques, foncier, d&rsquo;accompagnement).  Ceux-ci \u00ab\u00a0apporteraient des solutions au cas par cas\u00a0\u00bb.  <strong><u>Quel leurre !!!<\/u><\/strong><\/p>\n\n\n\n<p><strong>Nos griefs restent donc plus que jamais d&rsquo;actualit\u00e9.<\/strong><\/p>\n\n\n\n<p><u>En cons\u00e9quence :<\/u><br><strong>Le 28 novembre 2019<\/strong>, nous avons d\u00e9pos\u00e9 aupr\u00e8s du Conseil d&rsquo;Etat, un <strong><u>nouveau recours<\/u><\/strong> en annulation du permis d\u00e9livr\u00e9 en septembre par les deux Ministres de la R\u00e9gion Wallonne.<br><u>Un second recours a, en parall\u00e8le, \u00e9t\u00e9 introduit par la Commune de Florennes.<\/u><\/p>\n\n\n\n<p>Ensemble, sauvegardons notre cadre de vie.  Refusons cette carri\u00e8re de trop !<\/p>\n\n\n\n<p style=\"text-align:center;font-size:125%\"><strong>Restons d\u00e9termin\u00e9s, opini\u00e2tres et pugnaces, parce que confiants !<\/strong><\/p>\n\n\n\n<table style=\"border:1px solid black\" width=\"100%\"><tbody>\n<tr style=\"border:1px solid black\">\n    <td style=\"text-align:center;vertical-align:middle;padding:5px 10px 5px 10px;background-color:#f7f700\"> <strong><u>Le CRAC a besoin de votre soutien<\/u><\/strong><\/td>\n<\/tr>\n<tr>\n    <td style=\"padding:5px 10px 5px 10px\">\nTout don peut \u00eatre vers\u00e9 sur le compte : <b>BE79 0682 2518 6133 <\/b><\/br>au nom de : <i>CRAC ASBL; Rue du Fourneau, 36; 5620 Florennes<\/i><\/br><\/br>\nCette aide servira \u00e0 financer notre nouveau recours, \u00e0 poursuivre nos recherches et \u00e0 continuer de vous tenir inform\u00e9s.<\/br><\/br>\nPour tout renseignement compl\u00e9mentaire; cliquez sur la rubrique <a href=\"http:\/\/crac-asbl.org\/?page_id=27\" target=\"_blank\" rel=\"noreferrer noopener\" aria-label=\"[Nous contacter] (s\u2019ouvre dans un nouvel onglet)\">[Nous contacter]<\/a>\n    <\/td>\n<\/tr>\n<\/tbody><\/table>\n\n\n\n<p>La copie imprimable de cet article peut \u00eatre trouv\u00e9e en cliquant sur ce lien : <a href=\"http:\/\/crac-asbl.org\/wp-content\/uploads\/2019\/12\/ToutesBoitesDecembre2019.pdf\" target=\"_blank\" rel=\"noreferrer noopener\" aria-label=\"CRAC - Toutes bo\u00eetes d\u00e9cembre 2019. (s\u2019ouvre dans un nouvel onglet)\">CRAC &#8211; Toutes bo\u00eetes d\u00e9cembre 2019.<\/a><\/p>\n\n\n\n<p><\/p>\n","protected":false},"excerpt":{"rendered":"<p>En 1993, notre ASBL, &lsquo;INITIATIVE CITOYENNE&rsquo;, a dit \u00ab\u00a0Non \u00e0 la carri\u00e8re !\u00a0\u00bbAujourd&rsquo;hui, apr\u00e8s plus de 26 ann\u00e9es, le combat continue contre cette troisi\u00e8me carri\u00e8re, coinc\u00e9e au milieu de l&rsquo;habitat de nos villages. Celle-ci s&rsquo;ajouterait alors aux deux exploitations voisines, chacune avec ses projets d&rsquo;extension. Vous trouverez plus d&rsquo;information sur notre site en cliquant sur &hellip; <\/p>\n<p><a class=\"more-link btn\" href=\"https:\/\/crac-asbl.org\/?p=368\">Lire la suite<\/a><\/p>\n","protected":false},"author":2,"featured_media":0,"comment_status":"closed","ping_status":"closed","sticky":false,"template":"","format":"standard","meta":{"_uag_custom_page_level_css":"","footnotes":""},"categories":[18],"tags":[],"uagb_featured_image_src":{"full":false,"thumbnail":false,"medium":false,"medium_large":false,"large":false,"1536x1536":false,"2048x2048":false,"graphene_slider":false,"post-thumbnail":false},"uagb_author_info":{"display_name":"CRAC","author_link":"https:\/\/crac-asbl.org\/?author=2"},"uagb_comment_info":0,"uagb_excerpt":"En 1993, notre ASBL, &lsquo;INITIATIVE CITOYENNE&rsquo;, a dit \u00ab\u00a0Non \u00e0 la carri\u00e8re !\u00a0\u00bbAujourd&rsquo;hui, apr\u00e8s plus de 26 ann\u00e9es, le combat continue contre cette troisi\u00e8me carri\u00e8re, coinc\u00e9e au milieu de l&rsquo;habitat de nos villages. Celle-ci s&rsquo;ajouterait alors aux deux exploitations voisines, chacune avec ses projets d&rsquo;extension. Vous trouverez plus d&rsquo;information sur notre site en cliquant sur\u2026","_links":{"self":[{"href":"https:\/\/crac-asbl.org\/index.php?rest_route=\/wp\/v2\/posts\/368"}],"collection":[{"href":"https:\/\/crac-asbl.org\/index.php?rest_route=\/wp\/v2\/posts"}],"about":[{"href":"https:\/\/crac-asbl.org\/index.php?rest_route=\/wp\/v2\/types\/post"}],"author":[{"embeddable":true,"href":"https:\/\/crac-asbl.org\/index.php?rest_route=\/wp\/v2\/users\/2"}],"replies":[{"embeddable":true,"href":"https:\/\/crac-asbl.org\/index.php?rest_route=%2Fwp%2Fv2%2Fcomments&post=368"}],"version-history":[{"count":14,"href":"https:\/\/crac-asbl.org\/index.php?rest_route=\/wp\/v2\/posts\/368\/revisions"}],"predecessor-version":[{"id":386,"href":"https:\/\/crac-asbl.org\/index.php?rest_route=\/wp\/v2\/posts\/368\/revisions\/386"}],"wp:attachment":[{"href":"https:\/\/crac-asbl.org\/index.php?rest_route=%2Fwp%2Fv2%2Fmedia&parent=368"}],"wp:term":[{"taxonomy":"category","embeddable":true,"href":"https:\/\/crac-asbl.org\/index.php?rest_route=%2Fwp%2Fv2%2Fcategories&post=368"},{"taxonomy":"post_tag","embeddable":true,"href":"https:\/\/crac-asbl.org\/index.php?rest_route=%2Fwp%2Fv2%2Ftags&post=368"}],"curies":[{"name":"wp","href":"https:\/\/api.w.org\/{rel}","templated":true}]}}