{"id":356,"date":"2019-11-28T17:43:26","date_gmt":"2019-11-28T16:43:26","guid":{"rendered":"http:\/\/crac-asbl.org\/?p=356"},"modified":"2019-12-07T17:45:42","modified_gmt":"2019-12-07T16:45:42","slug":"recours-introduits","status":"publish","type":"post","link":"https:\/\/crac-asbl.org\/?p=356","title":{"rendered":"Recours introduits"},"content":{"rendered":"\n<p>28 novembre 2019 : recours introduits contre le permis REC.PU\/16.044-CE-003<\/p>\n\n\n\n<p>Le CRAC ASBL &nbsp;a \nmandat\u00e9 Me Jacques SAMBON de Bruxelles pour introduire un recours en \nannulation contre l\u2019arr\u00eat\u00e9 du 25 septembre 2019. Ce recours a \u00e9t\u00e9 d\u00e9pos\u00e9\n le jeudi 28 novembre 2019&nbsp;aupr\u00e8s du Conseil d\u2019Etat.<\/p>\n\n\n\n<p>Le permis  d\u2019exploiter octroy\u00e9 \u00e0 la S.A. Carmeuse ne donne pas suffisamment de  garanties pour que les conditions environnementales et autres soient  respect\u00e9es : qu\u2019il s\u2019agisse de la qualit\u00e9 de l\u2019air, du respect de la directive &lsquo;cadre eau&rsquo; \u2013 il faut consid\u00e9rer l\u2019exhaure de trois  carri\u00e8res -, de la compensation de terres pour les agriculteurs  concern\u00e9s (probl\u00e8me toujours pendant).<\/p>\n\n\n\n<p>De nombreuses \u00e9tudes sont obsol\u00e8tes et lacunaires, d\u2019autres plus r\u00e9centes n\u2019ont pas \u00e9t\u00e9 soumises \u00e0 enqu\u00eate publique.<\/p>\n\n\n\n<p>Il faut rappeler que  seul notre premier moyen concernant le permis INFRABEL manquant pour la  r\u00e9habilitation du chemin de fer avait suffi pour annuler, en date du 20  mai 2019, le permis du 24 octobre 2016\u00a0  (Arr\u00eat n\u00b0 244.548 du Conseil d\u2019Etat).<\/p>\n\n\n\n<p>La commune de Florennes a \u00e9galement d\u00e9pos\u00e9 un recours.<\/p>\n","protected":false},"excerpt":{"rendered":"<p>28 novembre 2019 : recours introduits contre le permis REC.PU\/16.044-CE-003 Le CRAC ASBL &nbsp;a mandat\u00e9 Me Jacques SAMBON de Bruxelles pour introduire un recours en annulation contre l\u2019arr\u00eat\u00e9 du 25 septembre 2019. Ce recours a \u00e9t\u00e9 d\u00e9pos\u00e9 le jeudi 28 novembre 2019&nbsp;aupr\u00e8s du Conseil d\u2019Etat. Le permis d\u2019exploiter octroy\u00e9 \u00e0 la S.A. Carmeuse ne donne &hellip; <\/p>\n<p><a class=\"more-link btn\" href=\"https:\/\/crac-asbl.org\/?p=356\">Lire la suite<\/a><\/p>\n","protected":false},"author":2,"featured_media":0,"comment_status":"closed","ping_status":"closed","sticky":false,"template":"","format":"standard","meta":{"_uag_custom_page_level_css":"","footnotes":""},"categories":[17],"tags":[14,16],"uagb_featured_image_src":{"full":false,"thumbnail":false,"medium":false,"medium_large":false,"large":false,"1536x1536":false,"2048x2048":false,"graphene_slider":false,"post-thumbnail":false},"uagb_author_info":{"display_name":"CRAC","author_link":"https:\/\/crac-asbl.org\/?author=2"},"uagb_comment_info":0,"uagb_excerpt":"28 novembre 2019 : recours introduits contre le permis REC.PU\/16.044-CE-003 Le CRAC ASBL &nbsp;a mandat\u00e9 Me Jacques SAMBON de Bruxelles pour introduire un recours en annulation contre l\u2019arr\u00eat\u00e9 du 25 septembre 2019. Ce recours a \u00e9t\u00e9 d\u00e9pos\u00e9 le jeudi 28 novembre 2019&nbsp;aupr\u00e8s du Conseil d\u2019Etat. Le permis d\u2019exploiter octroy\u00e9 \u00e0 la S.A. Carmeuse ne donne\u2026","_links":{"self":[{"href":"https:\/\/crac-asbl.org\/index.php?rest_route=\/wp\/v2\/posts\/356"}],"collection":[{"href":"https:\/\/crac-asbl.org\/index.php?rest_route=\/wp\/v2\/posts"}],"about":[{"href":"https:\/\/crac-asbl.org\/index.php?rest_route=\/wp\/v2\/types\/post"}],"author":[{"embeddable":true,"href":"https:\/\/crac-asbl.org\/index.php?rest_route=\/wp\/v2\/users\/2"}],"replies":[{"embeddable":true,"href":"https:\/\/crac-asbl.org\/index.php?rest_route=%2Fwp%2Fv2%2Fcomments&post=356"}],"version-history":[{"count":1,"href":"https:\/\/crac-asbl.org\/index.php?rest_route=\/wp\/v2\/posts\/356\/revisions"}],"predecessor-version":[{"id":357,"href":"https:\/\/crac-asbl.org\/index.php?rest_route=\/wp\/v2\/posts\/356\/revisions\/357"}],"wp:attachment":[{"href":"https:\/\/crac-asbl.org\/index.php?rest_route=%2Fwp%2Fv2%2Fmedia&parent=356"}],"wp:term":[{"taxonomy":"category","embeddable":true,"href":"https:\/\/crac-asbl.org\/index.php?rest_route=%2Fwp%2Fv2%2Fcategories&post=356"},{"taxonomy":"post_tag","embeddable":true,"href":"https:\/\/crac-asbl.org\/index.php?rest_route=%2Fwp%2Fv2%2Ftags&post=356"}],"curies":[{"name":"wp","href":"https:\/\/api.w.org\/{rel}","templated":true}]}}